{"id":5945,"date":"2024-02-13T16:35:00","date_gmt":"2024-02-13T16:35:00","guid":{"rendered":"https:\/\/gevers.expliciet.dev\/?p=5945"},"modified":"2026-03-17T09:04:59","modified_gmt":"2026-03-17T09:04:59","slug":"communique-de-presse-gevers-ores-se-distingue-dans-un-contentieux-de-propriete-intellectuelle-la-cour-de-cassation-donne-raison-a-dana-farber-dans-un-litige-sur-lextension-de-la-dur","status":"publish","type":"post","link":"https:\/\/gevers.eu\/fr\/blog\/communique-de-presse-gevers-ores-se-distingue-dans-un-contentieux-de-propriete-intellectuelle-la-cour-de-cassation-donne-raison-a-dana-farber-dans-un-litige-sur-lextension-de-la-dur\/","title":{"rendered":"[Communiqu\u00e9 de presse] Gevers &amp; Or\u00e8s se distingue dans un contentieux de propri\u00e9t\u00e9 intellectuelle : la Cour de Cassation donne raison \u00e0 Dana-Farber dans un litige sur l\u2019extension de la dur\u00e9e des brevets"},"content":{"rendered":"\n<p class=\"wp-block-paragraph\">Gevers &amp; Or\u00e8s, cabinet de propri\u00e9t\u00e9 intellectuelle, se f\u00e9licite d\u2019annoncer que l\u2019un de ses conseils, Claire Bernstein, a jou\u00e9 un r\u00f4le actif dans la&nbsp;<strong>r\u00e9cente victoire en Cour de cassation dans l\u2019affaire opposant Dana-Farber Cancer Institute \u00e0 l\u2019Office fran\u00e7ais des brevets<\/strong>&nbsp;(Institut National de la Propri\u00e9t\u00e9 Industrielle).<\/p>\n\n\n\n<p class=\"wp-block-paragraph\">Dans cette affaire, le laboratoire de recherche Dana Farber a mis en \u00e9vidence et&nbsp;<strong>brevet\u00e9 une nouvelle cible th\u00e9rapeutique pour le traitement de certains cancers<\/strong>&nbsp;ainsi que les anticorps se liant \u00e0 cette cible. Sur cette base, un laboratoire pharmaceutique a d\u00e9velopp\u00e9 le m\u00e9dicament Bavencio.<\/p>\n\n\n\n<p class=\"wp-block-paragraph\">L\u2019INPI a tout d\u2019abord refus\u00e9 la d\u00e9livrance \u00e0 Dana Farber d\u2019un certificat compl\u00e9mentaire de protection qui lui aurait permis de b\u00e9n\u00e9ficier d\u2019une extension de la dur\u00e9e de son brevet.&nbsp; Dana-Farber a fait appel de cette d\u00e9cision devant la Cour d\u2019Appel de Paris qui lui a donn\u00e9 raison en 2023. La Cour de cassation vient d\u00e9sormais de rejeter le pourvoi de l\u2019Office fran\u00e7ais des brevets, confirmant ainsi la d\u00e9cision favorable \u00e0 Dana-Farber.<\/p>\n\n\n\n<p class=\"wp-block-paragraph\"><strong>Cette extension permet \u00e0 Dana-Farber de b\u00e9n\u00e9ficier de cinq ann\u00e9es suppl\u00e9mentaires de protection du brevet et de redevances, capitales pour poursuivre le financement de ses travaux de recherche<\/strong>.<\/p>\n\n\n\n<p class=\"wp-block-paragraph\">Comme largement comment\u00e9 au moment de la d\u00e9cision de la Cour d\u2019Appel de Paris,&nbsp;<strong>ce cas vient renverser la tendance pr\u00e9c\u00e9dente fond\u00e9e sur une interpr\u00e9tation de la jurisprudence de la Cour de Justice de l\u2019Union Europ\u00e9enne<\/strong>&nbsp;fortement en d\u00e9faveur des laboratoires de recherche.<\/p>\n\n\n\n<p class=\"wp-block-paragraph\"><strong>Claire Bernstein de Gevers &amp; Or\u00e8s a contribu\u00e9 \u00e0 cette victoire en fournissant une expertise pointue dans le domaine de l\u2019immunologie<\/strong>. Elle a collabor\u00e9 \u00e9troitement avec les associ\u00e9s de Foley Hoag, DeAnn Smith et Peter Sullivan, qui ont conseill\u00e9 Dana-Farber Cancer Institute pour l\u2019obtention des CCP en Europe et \u00e0 l\u2019international, ainsi que d\u2019autres avocats de premier plan, dont Fran\u00e7ois Jonqu\u00e8res de Simmons &amp; Simmons, Christian Helbig de Wagner+Helbig et Martin Le Guerer de Le Guerer, Bouniol-Brochier pour&nbsp;<strong>d\u00e9fendre les int\u00e9r\u00eats de Dana-Farber devant les instances judiciaires fran\u00e7aises.<\/strong><\/p>\n\n\n\n<p class=\"wp-block-paragraph\">Gevers &amp; Or\u00e8s f\u00e9licite chaleureusement Claire Bernstein et l\u2019ensemble de l\u2019\u00e9quipe pour cette r\u00e9ussite notable, d\u00e9montrant une fois de plus l\u2019engagement et le professionnalisme du cabinet dans la protection des droits de propri\u00e9t\u00e9 intellectuelle de ses clients.<\/p>\n\n\n\n<p class=\"wp-block-paragraph\"><strong>Contact presse<\/strong><\/p>\n\n\n\n<p class=\"wp-block-paragraph\"><strong>Marie Lebrun<\/strong><br>Responsable marketing et communication<br>T\u00e9l\u00e9phone : +33 (0)1 53 21 10 81<br>Email :&nbsp;<a href=\"mailto:marie.lebrun@gevers.eu\">marie.lebrun@gevers.eu<\/a><\/p>\n\n\n\n<p class=\"wp-block-paragraph\"><a target=\"_blank\" href=\"https:\/\/www.facebook.com\/sharer\/sharer.php?u=https:\/\/anais.gevers.eu\/fr\/blog\/communiques-de-presse\/gevers-ores-se-distingue-dans-un-contentieux-de-propriete-intellectuelle-la-cour-de-cassation-donne-raison-a-dana-farber-dans-le-litige-sur-lextension-de-la-duree-des-breve\/\" rel=\"noreferrer noopener\"><\/a><a target=\"_blank\" href=\"https:\/\/pinterest.com\/pin\/create\/link\/?url=https:\/\/anais.gevers.eu\/fr\/blog\/communiques-de-presse\/gevers-ores-se-distingue-dans-un-contentieux-de-propriete-intellectuelle-la-cour-de-cassation-donne-raison-a-dana-farber-dans-le-litige-sur-lextension-de-la-duree-des-breve\/\" rel=\"noreferrer noopener\"><\/a><a target=\"_blank\" href=\"https:\/\/www.linkedin.com\/shareArticle?mini=true&amp;url=https:\/\/anais.gevers.eu\/fr\/blog\/communiques-de-presse\/gevers-ores-se-distingue-dans-un-contentieux-de-propriete-intellectuelle-la-cour-de-cassation-donne-raison-a-dana-farber-dans-le-litige-sur-lextension-de-la-duree-des-breve\/\" rel=\"noreferrer noopener\"><\/a><\/p>\n","protected":false},"excerpt":{"rendered":"<p>Gevers &amp; Or\u00e8s, cabinet de propri\u00e9t\u00e9 intellectuelle, se f\u00e9licite d\u2019annoncer que l\u2019un de ses conseils, Claire Bernstein, a jou\u00e9 un r\u00f4le actif dans la&nbsp;r\u00e9cente victoire en Cour de cassation dans l\u2019affaire opposant Dana-Farber Cancer Institute \u00e0 l\u2019Office fran\u00e7ais des brevets&nbsp;(Institut National de la Propri\u00e9t\u00e9 Industrielle). Dans cette affaire, le laboratoire de recherche Dana Farber a [&hellip;]<\/p>\n","protected":false},"author":3,"featured_media":5946,"comment_status":"closed","ping_status":"closed","sticky":false,"template":"","format":"standard","meta":{"_acf_changed":false,"content-type":"","sync_status":"","episode_type":"","audio_file":"","podmotor_file_id":"","podmotor_episode_id":"","castos_file_data":"","cover_image":"","cover_image_id":"","duration":"","filesize":"","filesize_raw":"","date_recorded":"","explicit":"","block":"","_ayudawp_aiss_exclude":false,"footnotes":""},"categories":[214],"tags":[],"expertises":[162],"class_list":["post-5945","post","type-post","status-publish","format-standard","has-post-thumbnail","hentry","category-publications-fr","expertises-brevets"],"acf":[],"yoast_head":"<!-- This site is optimized with the Yoast SEO Premium plugin v27.0 (Yoast SEO v27.4) - https:\/\/yoast.com\/product\/yoast-seo-premium-wordpress\/ -->\n<title>Contentieux brevet : victoire en Cour de cassation<\/title>\n<meta name=\"description\" content=\"Gevers se distingue en contentieux de propri\u00e9t\u00e9 intellectuelle : victoire en Cour de cassation pour Dana-Farber sur l\u2019extension de brevets.\" \/>\n<meta name=\"robots\" content=\"index, follow, max-snippet:-1, max-image-preview:large, max-video-preview:-1\" \/>\n<link rel=\"canonical\" href=\"https:\/\/gevers.eu\/fr\/blog\/communique-de-presse-gevers-ores-se-distingue-dans-un-contentieux-de-propriete-intellectuelle-la-cour-de-cassation-donne-raison-a-dana-farber-dans-un-litige-sur-lextension-de-la-dur\/\" \/>\n<meta property=\"og:locale\" content=\"fr_FR\" \/>\n<meta property=\"og:type\" content=\"article\" \/>\n<meta property=\"og:title\" content=\"[Communiqu\u00e9 de presse] Gevers &amp; Or\u00e8s se distingue dans un contentieux de propri\u00e9t\u00e9 intellectuelle : la Cour de Cassation donne raison \u00e0 Dana-Farber dans un litige sur l\u2019extension de la dur\u00e9e des brevets\" \/>\n<meta property=\"og:description\" content=\"Gevers se distingue en contentieux de propri\u00e9t\u00e9 intellectuelle : victoire en Cour de cassation pour Dana-Farber sur l\u2019extension de brevets.\" \/>\n<meta property=\"og:url\" content=\"https:\/\/gevers.eu\/fr\/blog\/communique-de-presse-gevers-ores-se-distingue-dans-un-contentieux-de-propriete-intellectuelle-la-cour-de-cassation-donne-raison-a-dana-farber-dans-un-litige-sur-lextension-de-la-dur\/\" \/>\n<meta property=\"og:site_name\" content=\"Gevers\" \/>\n<meta property=\"article:published_time\" content=\"2024-02-13T16:35:00+00:00\" \/>\n<meta property=\"article:modified_time\" content=\"2026-03-17T09:04:59+00:00\" \/>\n<meta property=\"og:image\" content=\"https:\/\/gevers.eu\/wp-content\/uploads\/2024\/08\/3.png\" \/>\n\t<meta property=\"og:image:width\" content=\"700\" \/>\n\t<meta property=\"og:image:height\" content=\"500\" \/>\n\t<meta property=\"og:image:type\" content=\"image\/png\" \/>\n<meta name=\"author\" content=\"Gevers Editor\" \/>\n<meta name=\"twitter:card\" content=\"summary_large_image\" \/>\n<meta name=\"twitter:label1\" content=\"Written by\" \/>\n\t<meta name=\"twitter:data1\" content=\"Gevers Editor\" \/>\n\t<meta name=\"twitter:label2\" content=\"Est. reading time\" \/>\n\t<meta name=\"twitter:data2\" content=\"2 minutes\" \/>\n<script type=\"application\/ld+json\" class=\"yoast-schema-graph\">{\"@context\":\"https:\\\/\\\/schema.org\",\"@graph\":[{\"@type\":\"Article\",\"@id\":\"https:\\\/\\\/gevers.eu\\\/fr\\\/blog\\\/communique-de-presse-gevers-ores-se-distingue-dans-un-contentieux-de-propriete-intellectuelle-la-cour-de-cassation-donne-raison-a-dana-farber-dans-un-litige-sur-lextension-de-la-dur\\\/#article\",\"isPartOf\":{\"@id\":\"https:\\\/\\\/gevers.eu\\\/fr\\\/blog\\\/communique-de-presse-gevers-ores-se-distingue-dans-un-contentieux-de-propriete-intellectuelle-la-cour-de-cassation-donne-raison-a-dana-farber-dans-un-litige-sur-lextension-de-la-dur\\\/\"},\"author\":{\"name\":\"Gevers Editor\",\"@id\":\"https:\\\/\\\/gevers.eu\\\/fr\\\/#\\\/schema\\\/person\\\/b924e34c4af4aa52e96bd9058b7c2eb2\"},\"headline\":\"[Communiqu\u00e9 de presse] Gevers &amp; Or\u00e8s se distingue dans un contentieux de propri\u00e9t\u00e9 intellectuelle : la Cour de Cassation donne raison \u00e0 Dana-Farber dans un litige sur l\u2019extension de la dur\u00e9e des brevets\",\"datePublished\":\"2024-02-13T16:35:00+00:00\",\"dateModified\":\"2026-03-17T09:04:59+00:00\",\"mainEntityOfPage\":{\"@id\":\"https:\\\/\\\/gevers.eu\\\/fr\\\/blog\\\/communique-de-presse-gevers-ores-se-distingue-dans-un-contentieux-de-propriete-intellectuelle-la-cour-de-cassation-donne-raison-a-dana-farber-dans-un-litige-sur-lextension-de-la-dur\\\/\"},\"wordCount\":473,\"publisher\":{\"@id\":\"https:\\\/\\\/gevers.eu\\\/fr\\\/#organization\"},\"image\":{\"@id\":\"https:\\\/\\\/gevers.eu\\\/fr\\\/blog\\\/communique-de-presse-gevers-ores-se-distingue-dans-un-contentieux-de-propriete-intellectuelle-la-cour-de-cassation-donne-raison-a-dana-farber-dans-un-litige-sur-lextension-de-la-dur\\\/#primaryimage\"},\"thumbnailUrl\":\"https:\\\/\\\/gevers.eu\\\/wp-content\\\/uploads\\\/2024\\\/08\\\/3.png\",\"articleSection\":[\"Publications\"],\"inLanguage\":\"fr-FR\"},{\"@type\":\"WebPage\",\"@id\":\"https:\\\/\\\/gevers.eu\\\/fr\\\/blog\\\/communique-de-presse-gevers-ores-se-distingue-dans-un-contentieux-de-propriete-intellectuelle-la-cour-de-cassation-donne-raison-a-dana-farber-dans-un-litige-sur-lextension-de-la-dur\\\/\",\"url\":\"https:\\\/\\\/gevers.eu\\\/fr\\\/blog\\\/communique-de-presse-gevers-ores-se-distingue-dans-un-contentieux-de-propriete-intellectuelle-la-cour-de-cassation-donne-raison-a-dana-farber-dans-un-litige-sur-lextension-de-la-dur\\\/\",\"name\":\"Contentieux brevet : victoire en Cour de cassation\",\"isPartOf\":{\"@id\":\"https:\\\/\\\/gevers.eu\\\/fr\\\/#website\"},\"primaryImageOfPage\":{\"@id\":\"https:\\\/\\\/gevers.eu\\\/fr\\\/blog\\\/communique-de-presse-gevers-ores-se-distingue-dans-un-contentieux-de-propriete-intellectuelle-la-cour-de-cassation-donne-raison-a-dana-farber-dans-un-litige-sur-lextension-de-la-dur\\\/#primaryimage\"},\"image\":{\"@id\":\"https:\\\/\\\/gevers.eu\\\/fr\\\/blog\\\/communique-de-presse-gevers-ores-se-distingue-dans-un-contentieux-de-propriete-intellectuelle-la-cour-de-cassation-donne-raison-a-dana-farber-dans-un-litige-sur-lextension-de-la-dur\\\/#primaryimage\"},\"thumbnailUrl\":\"https:\\\/\\\/gevers.eu\\\/wp-content\\\/uploads\\\/2024\\\/08\\\/3.png\",\"datePublished\":\"2024-02-13T16:35:00+00:00\",\"dateModified\":\"2026-03-17T09:04:59+00:00\",\"description\":\"Gevers se distingue en contentieux de propri\u00e9t\u00e9 intellectuelle : victoire en Cour de cassation pour Dana-Farber sur l\u2019extension de brevets.\",\"inLanguage\":\"fr-FR\",\"potentialAction\":[{\"@type\":\"ReadAction\",\"target\":[\"https:\\\/\\\/gevers.eu\\\/fr\\\/blog\\\/communique-de-presse-gevers-ores-se-distingue-dans-un-contentieux-de-propriete-intellectuelle-la-cour-de-cassation-donne-raison-a-dana-farber-dans-un-litige-sur-lextension-de-la-dur\\\/\"]}]},{\"@type\":\"ImageObject\",\"inLanguage\":\"fr-FR\",\"@id\":\"https:\\\/\\\/gevers.eu\\\/fr\\\/blog\\\/communique-de-presse-gevers-ores-se-distingue-dans-un-contentieux-de-propriete-intellectuelle-la-cour-de-cassation-donne-raison-a-dana-farber-dans-un-litige-sur-lextension-de-la-dur\\\/#primaryimage\",\"url\":\"https:\\\/\\\/gevers.eu\\\/wp-content\\\/uploads\\\/2024\\\/08\\\/3.png\",\"contentUrl\":\"https:\\\/\\\/gevers.eu\\\/wp-content\\\/uploads\\\/2024\\\/08\\\/3.png\",\"width\":700,\"height\":500},{\"@type\":\"WebSite\",\"@id\":\"https:\\\/\\\/gevers.eu\\\/fr\\\/#website\",\"url\":\"https:\\\/\\\/gevers.eu\\\/fr\\\/\",\"name\":\"Gevers\",\"description\":\"Empowering Innovation\",\"publisher\":{\"@id\":\"https:\\\/\\\/gevers.eu\\\/fr\\\/#organization\"},\"potentialAction\":[{\"@type\":\"SearchAction\",\"target\":{\"@type\":\"EntryPoint\",\"urlTemplate\":\"https:\\\/\\\/gevers.eu\\\/fr\\\/?s={search_term_string}\"},\"query-input\":{\"@type\":\"PropertyValueSpecification\",\"valueRequired\":true,\"valueName\":\"search_term_string\"}}],\"inLanguage\":\"fr-FR\"},{\"@type\":\"Organization\",\"@id\":\"https:\\\/\\\/gevers.eu\\\/fr\\\/#organization\",\"name\":\"Gevers\",\"url\":\"https:\\\/\\\/gevers.eu\\\/fr\\\/\",\"logo\":{\"@type\":\"ImageObject\",\"inLanguage\":\"fr-FR\",\"@id\":\"https:\\\/\\\/gevers.eu\\\/fr\\\/#\\\/schema\\\/logo\\\/image\\\/\",\"url\":\"https:\\\/\\\/gevers.eu\\\/wp-content\\\/uploads\\\/2024\\\/04\\\/GEVERS-LOGO.svg\",\"contentUrl\":\"https:\\\/\\\/gevers.eu\\\/wp-content\\\/uploads\\\/2024\\\/04\\\/GEVERS-LOGO.svg\",\"width\":1,\"height\":1,\"caption\":\"Gevers\"},\"image\":{\"@id\":\"https:\\\/\\\/gevers.eu\\\/fr\\\/#\\\/schema\\\/logo\\\/image\\\/\"}},{\"@type\":\"Person\",\"@id\":\"https:\\\/\\\/gevers.eu\\\/fr\\\/#\\\/schema\\\/person\\\/b924e34c4af4aa52e96bd9058b7c2eb2\",\"name\":\"Gevers Editor\",\"image\":{\"@type\":\"ImageObject\",\"inLanguage\":\"fr-FR\",\"@id\":\"https:\\\/\\\/secure.gravatar.com\\\/avatar\\\/8f48e3d63bb078f5917f47c7568b148347076d6b5e715725648f079b0d37dadf?s=96&d=mm&r=g\",\"url\":\"https:\\\/\\\/secure.gravatar.com\\\/avatar\\\/8f48e3d63bb078f5917f47c7568b148347076d6b5e715725648f079b0d37dadf?s=96&d=mm&r=g\",\"contentUrl\":\"https:\\\/\\\/secure.gravatar.com\\\/avatar\\\/8f48e3d63bb078f5917f47c7568b148347076d6b5e715725648f079b0d37dadf?s=96&d=mm&r=g\",\"caption\":\"Gevers Editor\"}}]}<\/script>\n<!-- \/ Yoast SEO Premium plugin. -->","yoast_head_json":{"title":"Contentieux brevet : victoire en Cour de cassation","description":"Gevers se distingue en contentieux de propri\u00e9t\u00e9 intellectuelle : victoire en Cour de cassation pour Dana-Farber sur l\u2019extension de brevets.","robots":{"index":"index","follow":"follow","max-snippet":"max-snippet:-1","max-image-preview":"max-image-preview:large","max-video-preview":"max-video-preview:-1"},"canonical":"https:\/\/gevers.eu\/fr\/blog\/communique-de-presse-gevers-ores-se-distingue-dans-un-contentieux-de-propriete-intellectuelle-la-cour-de-cassation-donne-raison-a-dana-farber-dans-un-litige-sur-lextension-de-la-dur\/","og_locale":"fr_FR","og_type":"article","og_title":"[Communiqu\u00e9 de presse] Gevers &amp; Or\u00e8s se distingue dans un contentieux de propri\u00e9t\u00e9 intellectuelle : la Cour de Cassation donne raison \u00e0 Dana-Farber dans un litige sur l\u2019extension de la dur\u00e9e des brevets","og_description":"Gevers se distingue en contentieux de propri\u00e9t\u00e9 intellectuelle : victoire en Cour de cassation pour Dana-Farber sur l\u2019extension de brevets.","og_url":"https:\/\/gevers.eu\/fr\/blog\/communique-de-presse-gevers-ores-se-distingue-dans-un-contentieux-de-propriete-intellectuelle-la-cour-de-cassation-donne-raison-a-dana-farber-dans-un-litige-sur-lextension-de-la-dur\/","og_site_name":"Gevers","article_published_time":"2024-02-13T16:35:00+00:00","article_modified_time":"2026-03-17T09:04:59+00:00","og_image":[{"width":700,"height":500,"url":"https:\/\/gevers.eu\/wp-content\/uploads\/2024\/08\/3.png","type":"image\/png"}],"author":"Gevers Editor","twitter_card":"summary_large_image","twitter_misc":{"Written by":"Gevers Editor","Est. reading time":"2 minutes"},"schema":{"@context":"https:\/\/schema.org","@graph":[{"@type":"Article","@id":"https:\/\/gevers.eu\/fr\/blog\/communique-de-presse-gevers-ores-se-distingue-dans-un-contentieux-de-propriete-intellectuelle-la-cour-de-cassation-donne-raison-a-dana-farber-dans-un-litige-sur-lextension-de-la-dur\/#article","isPartOf":{"@id":"https:\/\/gevers.eu\/fr\/blog\/communique-de-presse-gevers-ores-se-distingue-dans-un-contentieux-de-propriete-intellectuelle-la-cour-de-cassation-donne-raison-a-dana-farber-dans-un-litige-sur-lextension-de-la-dur\/"},"author":{"name":"Gevers Editor","@id":"https:\/\/gevers.eu\/fr\/#\/schema\/person\/b924e34c4af4aa52e96bd9058b7c2eb2"},"headline":"[Communiqu\u00e9 de presse] Gevers &amp; Or\u00e8s se distingue dans un contentieux de propri\u00e9t\u00e9 intellectuelle : la Cour de Cassation donne raison \u00e0 Dana-Farber dans un litige sur l\u2019extension de la dur\u00e9e des brevets","datePublished":"2024-02-13T16:35:00+00:00","dateModified":"2026-03-17T09:04:59+00:00","mainEntityOfPage":{"@id":"https:\/\/gevers.eu\/fr\/blog\/communique-de-presse-gevers-ores-se-distingue-dans-un-contentieux-de-propriete-intellectuelle-la-cour-de-cassation-donne-raison-a-dana-farber-dans-un-litige-sur-lextension-de-la-dur\/"},"wordCount":473,"publisher":{"@id":"https:\/\/gevers.eu\/fr\/#organization"},"image":{"@id":"https:\/\/gevers.eu\/fr\/blog\/communique-de-presse-gevers-ores-se-distingue-dans-un-contentieux-de-propriete-intellectuelle-la-cour-de-cassation-donne-raison-a-dana-farber-dans-un-litige-sur-lextension-de-la-dur\/#primaryimage"},"thumbnailUrl":"https:\/\/gevers.eu\/wp-content\/uploads\/2024\/08\/3.png","articleSection":["Publications"],"inLanguage":"fr-FR"},{"@type":"WebPage","@id":"https:\/\/gevers.eu\/fr\/blog\/communique-de-presse-gevers-ores-se-distingue-dans-un-contentieux-de-propriete-intellectuelle-la-cour-de-cassation-donne-raison-a-dana-farber-dans-un-litige-sur-lextension-de-la-dur\/","url":"https:\/\/gevers.eu\/fr\/blog\/communique-de-presse-gevers-ores-se-distingue-dans-un-contentieux-de-propriete-intellectuelle-la-cour-de-cassation-donne-raison-a-dana-farber-dans-un-litige-sur-lextension-de-la-dur\/","name":"Contentieux brevet : victoire en Cour de cassation","isPartOf":{"@id":"https:\/\/gevers.eu\/fr\/#website"},"primaryImageOfPage":{"@id":"https:\/\/gevers.eu\/fr\/blog\/communique-de-presse-gevers-ores-se-distingue-dans-un-contentieux-de-propriete-intellectuelle-la-cour-de-cassation-donne-raison-a-dana-farber-dans-un-litige-sur-lextension-de-la-dur\/#primaryimage"},"image":{"@id":"https:\/\/gevers.eu\/fr\/blog\/communique-de-presse-gevers-ores-se-distingue-dans-un-contentieux-de-propriete-intellectuelle-la-cour-de-cassation-donne-raison-a-dana-farber-dans-un-litige-sur-lextension-de-la-dur\/#primaryimage"},"thumbnailUrl":"https:\/\/gevers.eu\/wp-content\/uploads\/2024\/08\/3.png","datePublished":"2024-02-13T16:35:00+00:00","dateModified":"2026-03-17T09:04:59+00:00","description":"Gevers se distingue en contentieux de propri\u00e9t\u00e9 intellectuelle : victoire en Cour de cassation pour Dana-Farber sur l\u2019extension de brevets.","inLanguage":"fr-FR","potentialAction":[{"@type":"ReadAction","target":["https:\/\/gevers.eu\/fr\/blog\/communique-de-presse-gevers-ores-se-distingue-dans-un-contentieux-de-propriete-intellectuelle-la-cour-de-cassation-donne-raison-a-dana-farber-dans-un-litige-sur-lextension-de-la-dur\/"]}]},{"@type":"ImageObject","inLanguage":"fr-FR","@id":"https:\/\/gevers.eu\/fr\/blog\/communique-de-presse-gevers-ores-se-distingue-dans-un-contentieux-de-propriete-intellectuelle-la-cour-de-cassation-donne-raison-a-dana-farber-dans-un-litige-sur-lextension-de-la-dur\/#primaryimage","url":"https:\/\/gevers.eu\/wp-content\/uploads\/2024\/08\/3.png","contentUrl":"https:\/\/gevers.eu\/wp-content\/uploads\/2024\/08\/3.png","width":700,"height":500},{"@type":"WebSite","@id":"https:\/\/gevers.eu\/fr\/#website","url":"https:\/\/gevers.eu\/fr\/","name":"Gevers","description":"Empowering Innovation","publisher":{"@id":"https:\/\/gevers.eu\/fr\/#organization"},"potentialAction":[{"@type":"SearchAction","target":{"@type":"EntryPoint","urlTemplate":"https:\/\/gevers.eu\/fr\/?s={search_term_string}"},"query-input":{"@type":"PropertyValueSpecification","valueRequired":true,"valueName":"search_term_string"}}],"inLanguage":"fr-FR"},{"@type":"Organization","@id":"https:\/\/gevers.eu\/fr\/#organization","name":"Gevers","url":"https:\/\/gevers.eu\/fr\/","logo":{"@type":"ImageObject","inLanguage":"fr-FR","@id":"https:\/\/gevers.eu\/fr\/#\/schema\/logo\/image\/","url":"https:\/\/gevers.eu\/wp-content\/uploads\/2024\/04\/GEVERS-LOGO.svg","contentUrl":"https:\/\/gevers.eu\/wp-content\/uploads\/2024\/04\/GEVERS-LOGO.svg","width":1,"height":1,"caption":"Gevers"},"image":{"@id":"https:\/\/gevers.eu\/fr\/#\/schema\/logo\/image\/"}},{"@type":"Person","@id":"https:\/\/gevers.eu\/fr\/#\/schema\/person\/b924e34c4af4aa52e96bd9058b7c2eb2","name":"Gevers Editor","image":{"@type":"ImageObject","inLanguage":"fr-FR","@id":"https:\/\/secure.gravatar.com\/avatar\/8f48e3d63bb078f5917f47c7568b148347076d6b5e715725648f079b0d37dadf?s=96&d=mm&r=g","url":"https:\/\/secure.gravatar.com\/avatar\/8f48e3d63bb078f5917f47c7568b148347076d6b5e715725648f079b0d37dadf?s=96&d=mm&r=g","contentUrl":"https:\/\/secure.gravatar.com\/avatar\/8f48e3d63bb078f5917f47c7568b148347076d6b5e715725648f079b0d37dadf?s=96&d=mm&r=g","caption":"Gevers Editor"}}]}},"_links":{"self":[{"href":"https:\/\/gevers.eu\/fr\/wp-json\/wp\/v2\/posts\/5945","targetHints":{"allow":["GET"]}}],"collection":[{"href":"https:\/\/gevers.eu\/fr\/wp-json\/wp\/v2\/posts"}],"about":[{"href":"https:\/\/gevers.eu\/fr\/wp-json\/wp\/v2\/types\/post"}],"author":[{"embeddable":true,"href":"https:\/\/gevers.eu\/fr\/wp-json\/wp\/v2\/users\/3"}],"replies":[{"embeddable":true,"href":"https:\/\/gevers.eu\/fr\/wp-json\/wp\/v2\/comments?post=5945"}],"version-history":[{"count":1,"href":"https:\/\/gevers.eu\/fr\/wp-json\/wp\/v2\/posts\/5945\/revisions"}],"predecessor-version":[{"id":11468,"href":"https:\/\/gevers.eu\/fr\/wp-json\/wp\/v2\/posts\/5945\/revisions\/11468"}],"wp:featuredmedia":[{"embeddable":true,"href":"https:\/\/gevers.eu\/fr\/wp-json\/wp\/v2\/media\/5946"}],"wp:attachment":[{"href":"https:\/\/gevers.eu\/fr\/wp-json\/wp\/v2\/media?parent=5945"}],"wp:term":[{"taxonomy":"category","embeddable":true,"href":"https:\/\/gevers.eu\/fr\/wp-json\/wp\/v2\/categories?post=5945"},{"taxonomy":"post_tag","embeddable":true,"href":"https:\/\/gevers.eu\/fr\/wp-json\/wp\/v2\/tags?post=5945"},{"taxonomy":"expertises","embeddable":true,"href":"https:\/\/gevers.eu\/fr\/wp-json\/wp\/v2\/expertises?post=5945"}],"curies":[{"name":"wp","href":"https:\/\/api.w.org\/{rel}","templated":true}]}}